{"id":96,"__str__":"Ordem do Dia/Expediente: 2 - Projeto de Lei Ordin\u00e1ria n\u00ba 69 de 2023 em 6\u00aa Ordin\u00e1ria 2\u00ba Periodo da 3\u00aa Sess\u00e3o Legislativa da 16\u00aa Legislatura","link_detail_backend":"/sessao/ordemdia/96","metadata":{},"data_ordem":"2023-09-25","observacao":"Mensagem n\u00ba 59, de 22 de setembro de 2023, subscrita pelo Prefeito F\u00e1bio Marques Flor\u00eancio, encaminhando o Projeto de Lei n\u00ba 69/2023, com solicita\u00e7\u00e3o para tramita\u00e7\u00e3o em regime de urg\u00eancia que \u201cAutoriza a abertura de cr\u00e9dito adicional especial e d\u00e1 outras provid\u00eancias\u201d. Refer\u00eancia: dota\u00e7\u00e3o or\u00e7ament\u00e1ria destinada ao pagamento do piso salarial nacional aos T\u00e9cnicos de Enfermagem e Auxiliares de Enfermagem.\r\n\r\nEST\u00c1 EM DISCUSS\u00c3O A  URG\u00caNCIA...............................................\r\nEM VOTA\u00c7\u00c3O","numero_ordem":2,"resultado":"Aprovada por todos","tipo_votacao":2,"votacao_aberta":false,"registro_aberto":true,"sessao_plenaria":9,"materia":1006,"tramitacao":1185}