{"id":204,"__str__":"Ordem do Dia/Expediente: 15 - Projeto de Lei Ordin\u00e1ria n\u00ba 38 de 2023 em 16\u00aa Ordin\u00e1ria 2\u00ba Periodo da 3\u00aa Sess\u00e3o Legislativa da 16\u00aa Legislatura","link_detail_backend":"/sessao/ordemdia/204","metadata":{},"data_ordem":"2023-12-04","observacao":"Solicito Parecer VERBAL aos membros da Comiss\u00e3o de Obras e Servi\u00e7os P\u00fablicos:\r\n\u2022\tComiss\u00e3o de Obras e Servi\u00e7os P\u00fablicos:\r\n\r\nVereadora Teresa Suelene de Paula\r\n    Vereador Paulo Agenor Madeira\r\n    Vereador M\u00e1rcio Fernando Costa","numero_ordem":15,"resultado":"","tipo_votacao":4,"votacao_aberta":false,"registro_aberto":false,"sessao_plenaria":19,"materia":590,"tramitacao":3468}