{"id":179,"__str__":"Ordem do Dia/Expediente: 11 - Mo\u00e7\u00e3o n\u00ba 68 de 2023 em 14\u00aa Ordin\u00e1ria 2\u00ba Periodo da 3\u00aa Sess\u00e3o Legislativa da 16\u00aa Legislatura","link_detail_backend":"/sessao/ordemdia/179","metadata":{},"data_ordem":"2023-11-21","observacao":"Mo\u00e7\u00e3o de Congratula\u00e7\u00f5es e Aplausos n\u00ba 68/2023, subscrita pelo Vereador Jos\u00e9 Carlos de Morais, ao Sr. Sebasti\u00e3o Camargo da Costa, mais conhecido como Ti\u00e3ozinho, Presidente do time A.A.U.U. - Atl\u00e9tico Unidos de Alfenas MG, em reconhecimento aos relevantes servi\u00e7os prestados ao time e ao trabalho desenvolvido com as crian\u00e7as do Campos El\u00edsios e dos bairros pr\u00f3ximos. Parabenizo, tamb\u00e9m, todos os atletas e a comiss\u00e3o t\u00e9cnica do time A.A.U.U. (Atl\u00e9tico Unidos de Alfenas MG) pelo t\u00edtulo de camp\u00f5es do Campeonato 35 anos da Secretaria Municipal de Esportes.\r\n\r\nEST\u00c1 EM  DISCUSS\u00c3O a MO\u00c7\u00c3O..........................................................\r\nEM VOTA\u00c7\u00c3O","numero_ordem":11,"resultado":"Aprovada por todos","tipo_votacao":2,"votacao_aberta":false,"registro_aberto":true,"sessao_plenaria":17,"materia":1643,"tramitacao":2968}