{"id":178,"__str__":"Ordem do Dia/Expediente: 10 - Requerimento n\u00ba 66 de 2023 em 14\u00aa Ordin\u00e1ria 2\u00ba Periodo da 3\u00aa Sess\u00e3o Legislativa da 16\u00aa Legislatura","link_detail_backend":"/sessao/ordemdia/178","metadata":{},"data_ordem":"2023-11-21","observacao":"Requerimento n\u00ba 66/2023, de autoria do Vereador M\u00e1rcio Fernando Costa:\r\nAssunto: Requeiro ao Prefeito que nos responda as indaga\u00e7\u00f5es quanto \u00e0s emendas impositivas que foram destinadas por este Vereador, da seguinte forma: \r\n\r\nEST\u00c1 EM  DISCUSS\u00c3O o REQUERIMENTO..........................................................\r\nEM VOTA\u00c7\u00c3O","numero_ordem":10,"resultado":"Aprovada por todos","tipo_votacao":2,"votacao_aberta":false,"registro_aberto":true,"sessao_plenaria":17,"materia":1645,"tramitacao":2957}