{"id":154,"__str__":"Ordem do Dia/Expediente: 7 - Mo\u00e7\u00e3o n\u00ba 62 de 2023 em 12\u00aa Ordin\u00e1ria 2\u00ba Periodo da 3\u00aa Sess\u00e3o Legislativa da 16\u00aa Legislatura","link_detail_backend":"/sessao/ordemdia/154","metadata":{},"data_ordem":"2023-11-06","observacao":"Mo\u00e7\u00e3o de Congratula\u00e7\u00f5es e Aplausos n\u00ba 62/2023, subscrita pelo Vereador Jos\u00e9 Carlos de Morais (Carlinhos Vardem\u00e1)\r\nEST\u00c1 EM DISCUSS\u00c3O a MO\u00c7\u00c3O..........................................................\r\nEM VOTA\u00c7\u00c3O","numero_ordem":7,"resultado":"Aprovada por todos","tipo_votacao":2,"votacao_aberta":false,"registro_aberto":true,"sessao_plenaria":15,"materia":1538,"tramitacao":2526}