{"id":1151,"__str__":"Ordem do Dia/Expediente: 10 - Projeto de Lei Ordin\u00e1ria n\u00ba 31 de 2025 em 25\u00aa Ordin\u00e1ria 1\u00ba Periodo da 1\u00aa Sess\u00e3o Legislativa da 17\u00aa Legislatura","link_detail_backend":"/sessao/ordemdia/1151","metadata":{},"data_ordem":"2025-07-14","observacao":"Parecer apresentado pela Comiss\u00e3o Permanente de Constitui\u00e7\u00e3o, Legisla\u00e7\u00e3o, Justi\u00e7a e Reda\u00e7\u00e3o Final ao - Projeto de Lei n\u00ba 31/2025, de autoria do Vereador Cirlei Jos\u00e9 de Carvalho, que Disp\u00f5e sobre a cria\u00e7\u00e3o de espa\u00e7o reservado e acess\u00edvel para pessoas com defici\u00eancia f\u00edsica em eventos culturais, shows art\u00edsticos, esportivos e similares","numero_ordem":10,"resultado":"Mat\u00e9ria lida","tipo_votacao":4,"votacao_aberta":false,"registro_aberto":false,"sessao_plenaria":102,"materia":4331,"tramitacao":21482}