{"id":100,"__str__":"Ordem do Dia/Expediente: 6 - Projeto de Lei Ordin\u00e1ria n\u00ba 58 de 2023 em 6\u00aa Ordin\u00e1ria 2\u00ba Periodo da 3\u00aa Sess\u00e3o Legislativa da 16\u00aa Legislatura","link_detail_backend":"/sessao/ordemdia/100","metadata":{},"data_ordem":"2023-09-25","observacao":"Leitura do Parecer da Comiss\u00e3o de Constitui\u00e7\u00e3o, Legisla\u00e7\u00e3o, Justi\u00e7a e Rea\u00e7\u00e3o Final aos seguintes projetos\r\n- Projeto de Lei n\u00ba 58/2023, de autoria do Executivo Municipal, que \u201cDisp\u00f5e sobre o Programa de Restri\u00e7\u00e3o ao Tr\u00e2nsito de Ve\u00edculos Automotores Pesados, do tipo caminh\u00e3o acima de dois eixos e com altura superior a 4,40 metros, no Munic\u00edpio de Alfenas/MG\u201d:\r\n\u2022\tSOLICITO Parecer Verbal dos membros da Comiss\u00e3o de Or\u00e7amento e Finan\u00e7as P\u00fablicas:\r\n\r\nVereador Evanilson Pereira de Andrade; \r\nVereador Luciano Guilherme Felipe Lee;\r\nVereadora Tani Rose Ribeiro\t\r\n\r\n\u2022\tSOLICITO Parecer Verbal dos membros da Comiss\u00e3o de Obras e Servi\u00e7os P\u00fablicos:\r\n\r\nVereadora Teresa Suelene de Paula\r\nVereador Paulo Agenor Madeira\r\nVereador M\u00e1rcio Fernando Costa","numero_ordem":6,"resultado":"Mat\u00e9ria lida","tipo_votacao":4,"votacao_aberta":false,"registro_aberto":false,"sessao_plenaria":9,"materia":890,"tramitacao":null}