{"id":406,"__str__":"Lei Ordin\u00e1ria n\u00ba 5.332, de 02 de julho de 2025","link_detail_backend":"/norma/406","metadata":{},"texto_integral":"http://sapl.alfenas.mg.leg.br/media/sapl/public/normajuridica/2025/406/lei_5332-2025-_equipara_o_cargo_de_procurador-geral_do_municipio_de_alfenas_ao.pdf","numero":"5332","ano":2025,"esfera_federacao":"M","data":"2025-07-02","data_publicacao":"2025-07-02","veiculo_publicacao":"","pagina_inicio_publicacao":null,"pagina_fim_publicacao":null,"ementa":"Equipara o cargo de Procurador-Geral do Munic\u00edpio de Alfenas ao cargo de Secret\u00e1rio Municipal, e d\u00e1 outras provid\u00eancias.","indexacao":"","observacao":"","complemento":false,"data_vigencia":null,"timestamp":"2025-07-10T08:15:22.508697-03:00","data_ultima_atualizacao":"2025-07-10T08:15:22.598381-03:00","ip":"177.75.207.194","ultima_edicao":"2025-07-10T08:14:32.323911-03:00","tipo":2,"materia":3906,"orgao":null,"user":9,"assuntos":[],"autores":[]}