{"id":273,"__str__":"Lei Ordin\u00e1ria n\u00ba 5.270, de 19 de julho de 2023","link_detail_backend":"/norma/273","metadata":{},"texto_integral":"http://sapl.alfenas.mg.leg.br/media/sapl/public/normajuridica/2023/273/lei_no_5.222_-_institui_a_politica_municipal_de_protecao_dos_direitos_da_pessoa_com_fibromialgia_....pdf","numero":"5270","ano":2023,"esfera_federacao":"M","data":"2023-07-19","data_publicacao":null,"veiculo_publicacao":"","pagina_inicio_publicacao":null,"pagina_fim_publicacao":null,"ementa":"Institui a Pol\u00edtica Municipal de Prote\u00e7\u00e3o dos Direitos da Pessoa com Fibromialgia, garante prioridade no atendimento dos portadores da referida patologia e d\u00e1 outras provid\u00eancias.","indexacao":"","observacao":"","complemento":false,"data_vigencia":null,"timestamp":"2024-04-10T15:00:30.253248-03:00","data_ultima_atualizacao":"2024-04-10T15:00:30.571129-03:00","ip":"177.43.114.10","ultima_edicao":"2024-04-10T14:58:47.364998-03:00","tipo":2,"materia":422,"orgao":null,"user":3,"assuntos":[],"autores":[]}