{"id":19934,"__str__":"Requerimento n\u00ba 72 de 2025 | [OP] Mat\u00e9ria inclu\u00edda na Ordem do Dia | 16/06/2025","link_detail_backend":"/materia/tramitacao/19934","metadata":{},"timestamp":"2025-06-16T11:43:21.495971-03:00","data_tramitacao":"2025-06-16","data_encaminhamento":null,"urgente":false,"turno":"","texto":"Requerimentos inclu\u00eddos em \u00fanico turno de discuss\u00e3o e vota\u00e7\u00e3o na R.O. 16.06.2025.","data_fim_prazo":null,"ip":"189.56.118.154","ultima_edicao":"2025-06-16T11:43:21.040828-03:00","status":112,"materia":4403,"unidade_tramitacao_local":41,"unidade_tramitacao_destino":41,"user":9}