{"id":909,"__str__":"Indica\u00e7\u00e3o n\u00ba 625 de 2023","link_detail_backend":"/materia/909","metadata":{"signs":{"texto_original":{"admin":[],"autores":[["Paulo Agenor Madeira",["2023-08-31T11:55:10-03:00","ICP-Brasil"]]]}}},"numero":625,"ano":2023,"numero_protocolo":2315,"data_apresentacao":"2023-08-31","tipo_apresentacao":"","data_publicacao":null,"numero_origem_externa":"","ano_origem_externa":null,"data_origem_externa":null,"apelido":"Paulinho do Asfalto","dias_prazo":null,"data_fim_prazo":null,"em_tramitacao":true,"polemica":false,"objeto":"","complementar":false,"ementa":"Verificar a possibilidade de fazer uma liga\u00e7\u00e3o da Avenida Ant\u00f4nio Marcial de Faria com a Travessa J, no Bairro Vista Alegre.","indexacao":"","observacao":"","resultado":"","texto_original":"http://sapl.alfenas.mg.leg.br/media/sapl/public/materialegislativa/2023/909/indicacao_625_-_paulinho_-_assinada.pdf","data_ultima_atualizacao":"2023-12-12T09:24:51.740788-03:00","ip":"177.75.203.237","ultima_edicao":"2023-08-31T12:31:02.921101-03:00","tipo":17,"regime_tramitacao":1,"tipo_origem_externa":null,"local_origem_externa":null,"user":7,"anexadas":[],"autores":[29]}