{"id":891,"__str__":"Indica\u00e7\u00e3o n\u00ba 612 de 2023","link_detail_backend":"/materia/891","metadata":{"signs":{"texto_original":{"admin":[],"autores":[["Marcio Fernando Costa",["2023-08-25T11:58:02-03:00","ICP-Brasil"]]]}}},"numero":612,"ano":2023,"numero_protocolo":2266,"data_apresentacao":"2023-08-25","tipo_apresentacao":"","data_publicacao":null,"numero_origem_externa":"","ano_origem_externa":null,"data_origem_externa":null,"apelido":"","dias_prazo":null,"data_fim_prazo":null,"em_tramitacao":false,"polemica":false,"objeto":"","complementar":false,"ementa":"Verificar a possibilidade de trocar as l\u00e2mpadas na entrada da pracinha do Bairro Pinheirinho, bem como de todas as pra\u00e7as da cidade que est\u00e3o com as l\u00e2mpadas queimadas.","indexacao":"","observacao":"","resultado":"","texto_original":"http://sapl.alfenas.mg.leg.br/media/sapl/public/materialegislativa/2023/891/indicacao_612_-_dunga_assinada.pdf","data_ultima_atualizacao":"2024-02-16T13:42:14.408410-03:00","ip":"177.75.206.77","ultima_edicao":"2023-08-25T12:21:01.786036-03:00","tipo":17,"regime_tramitacao":1,"tipo_origem_externa":null,"local_origem_externa":null,"user":7,"anexadas":[],"autores":[31]}