{"id":882,"__str__":"Indica\u00e7\u00e3o n\u00ba 606 de 2023","link_detail_backend":"/materia/882","metadata":{"signs":{"texto_original":{"admin":[],"autores":[["Vagner Tarcisio de Morais",["2023-08-25T10:01:58-03:00","ICP-Brasil"]]]}}},"numero":606,"ano":2023,"numero_protocolo":2255,"data_apresentacao":"2023-08-25","tipo_apresentacao":"","data_publicacao":null,"numero_origem_externa":"","ano_origem_externa":null,"data_origem_externa":null,"apelido":"","dias_prazo":null,"data_fim_prazo":null,"em_tramitacao":false,"polemica":false,"objeto":"","complementar":false,"ementa":"Providenciar um segundo ponto de energia na feira do Por do Sol.\r\nA feira possui apenas um ponto no centro da feira, onde o pessoal do trailer de cana de a\u00e7\u00facar n\u00e3o consegue usar, pois fica muito distante.","indexacao":"","observacao":"","resultado":"","texto_original":"http://sapl.alfenas.mg.leg.br/media/sapl/public/materialegislativa/2023/882/indicacao_606_-_guinho_assinada.pdf","data_ultima_atualizacao":"2024-02-16T13:42:13.546089-03:00","ip":"177.75.206.77","ultima_edicao":"2023-08-25T10:10:15.697767-03:00","tipo":17,"regime_tramitacao":1,"tipo_origem_externa":null,"local_origem_externa":null,"user":9,"anexadas":[],"autores":[27]}