{"id":872,"__str__":"Projeto de Decreto Legislativo n\u00ba 36 de 2023","link_detail_backend":"/materia/872","metadata":{"signs":{"texto_original":{"admin":[],"autores":[["Jaime Daniel dos Santos",["2023-08-28T09:47:16-03:00","ICP-Brasil"]]]}}},"numero":36,"ano":2023,"numero_protocolo":2240,"data_apresentacao":"2023-08-24","tipo_apresentacao":"","data_publicacao":null,"numero_origem_externa":"","ano_origem_externa":null,"data_origem_externa":null,"apelido":"","dias_prazo":null,"data_fim_prazo":null,"em_tramitacao":true,"polemica":false,"objeto":"","complementar":false,"ementa":"Concede T\u00edtulo de Cidad\u00e3o Honor\u00e1rio ao Sr. Jo\u00e3o Campos Nogueira Neto pelos servi\u00e7os prestados a comunidade alfenense na \u00e1rea da constru\u00e7\u00e3o civil e como m\u00fasico, cantor e compositor de m\u00fasica sertaneja, engrandecendo a nossa cultura local e regional.","indexacao":"","observacao":"","resultado":"","texto_original":"http://sapl.alfenas.mg.leg.br/media/sapl/public/materialegislativa/2023/872/pdl_36-2023_-_jds_-_assinado.pdf","data_ultima_atualizacao":"2025-09-12T21:36:08.038348-03:00","ip":"177.43.114.10","ultima_edicao":"2023-08-28T09:48:52.933182-03:00","tipo":8,"regime_tramitacao":1,"tipo_origem_externa":null,"local_origem_externa":null,"user":3,"anexadas":[],"autores":[26]}