{"id":851,"__str__":"Indica\u00e7\u00e3o n\u00ba 588 de 2023","link_detail_backend":"/materia/851","metadata":{"signs":{"texto_original":{"admin":[],"autores":[["Vagner Tarcisio de Morais",["2023-08-18T08:15:23-03:00","ICP-Brasil"]]]}}},"numero":588,"ano":2023,"numero_protocolo":2204,"data_apresentacao":"2023-08-17","tipo_apresentacao":"","data_publicacao":null,"numero_origem_externa":"","ano_origem_externa":null,"data_origem_externa":null,"apelido":"","dias_prazo":null,"data_fim_prazo":null,"em_tramitacao":false,"polemica":false,"objeto":"","complementar":false,"ementa":"Colocar m\u00e3o \u00fanica na Rua Ana Nery no trecho compreendido entre a Rua Francisco Mariano at\u00e9 a Av. Lincoln Westin da Silveira, bem como na Rua Areado, em toda a sua extens\u00e3o.","indexacao":"","observacao":"","resultado":"","texto_original":"http://sapl.alfenas.mg.leg.br/media/sapl/public/materialegislativa/2023/851/indicacao_588_-_guinho_assinado.pdf","data_ultima_atualizacao":"2024-02-16T13:42:10.511075-03:00","ip":"177.75.206.124","ultima_edicao":"2023-08-18T08:42:46.728609-03:00","tipo":17,"regime_tramitacao":1,"tipo_origem_externa":null,"local_origem_externa":null,"user":7,"anexadas":[],"autores":[27]}