{"id":5751,"__str__":"Indica\u00e7\u00e3o n\u00ba 286 de 2026","link_detail_backend":"/materia/5751","metadata":{"signs":{"texto_original":{"admin":[],"autores":[["Jefferson dos Reis Padilha Goncalves",["2026-04-10T10:14:38-03:00","ICP-Brasil"]]]}}},"numero":286,"ano":2026,"numero_protocolo":758,"data_apresentacao":"2026-04-10","tipo_apresentacao":"","data_publicacao":null,"numero_origem_externa":"","ano_origem_externa":null,"data_origem_externa":null,"apelido":"","dias_prazo":null,"data_fim_prazo":null,"em_tramitacao":true,"polemica":false,"objeto":"","complementar":false,"ementa":"Solicita a instala\u00e7\u00e3o de abrigo com cobertura e assentos em ponto de \u00f4nibus localizado na Avenida Jos\u00e9 Paulino da Costa, n\u00ba 659, no bairro Vila Teixeira, visando oferecer melhores condi\u00e7\u00f5es aos usu\u00e1rios do transporte p\u00fablico.","indexacao":"","observacao":"","resultado":"","texto_original":"http://sapl.alfenas.mg.leg.br/media/sapl/public/materialegislativa/2026/5751/indicacao_286.2026_-_guigui_assinado.pdf","data_ultima_atualizacao":"2026-04-15T09:10:32.293407-03:00","ip":"189.56.118.154","ultima_edicao":"2026-04-10T10:22:07.559066-03:00","tipo":17,"regime_tramitacao":1,"tipo_origem_externa":null,"local_origem_externa":null,"user":7,"anexadas":[],"autores":[63]}