{"id":5749,"__str__":"Indica\u00e7\u00e3o n\u00ba 284 de 2026","link_detail_backend":"/materia/5749","metadata":{"signs":{"texto_original":{"admin":[],"autores":[["Cirlei Jose de Carvalho",["2026-04-10T10:38:18-03:00","ICP-Brasil"]]]}}},"numero":284,"ano":2026,"numero_protocolo":756,"data_apresentacao":"2026-04-10","tipo_apresentacao":"","data_publicacao":null,"numero_origem_externa":"","ano_origem_externa":null,"data_origem_externa":null,"apelido":"","dias_prazo":null,"data_fim_prazo":null,"em_tramitacao":true,"polemica":false,"objeto":"","complementar":false,"ementa":"Reitera\u00e7\u00e3o das Indica\u00e7\u00f5es n\u00ba 85/2025, n\u00ba 567/2025, n\u00ba 901/2025 e n\u00ba 73/2026 \u2013 Pagamento do vale alimenta\u00e7\u00e3o em pec\u00fania.","indexacao":"","observacao":"","resultado":"","texto_original":"http://sapl.alfenas.mg.leg.br/media/sapl/public/materialegislativa/2026/5749/indicacao_no_284._2026_cirlei_assinada.pdf","data_ultima_atualizacao":"2026-04-15T09:10:31.937108-03:00","ip":"177.75.206.161","ultima_edicao":"2026-04-10T10:50:50.535136-03:00","tipo":17,"regime_tramitacao":1,"tipo_origem_externa":null,"local_origem_externa":null,"user":9,"anexadas":[],"autores":[59]}