{"id":5727,"__str__":"Indica\u00e7\u00e3o n\u00ba 273 de 2026","link_detail_backend":"/materia/5727","metadata":{"signs":{"texto_original":{"admin":[],"autores":[["Marcio Fernando Costa",["2026-04-09T13:28:37-03:00","ICP-Brasil"]]]}}},"numero":273,"ano":2026,"numero_protocolo":721,"data_apresentacao":"2026-04-09","tipo_apresentacao":"","data_publicacao":null,"numero_origem_externa":"","ano_origem_externa":null,"data_origem_externa":null,"apelido":"","dias_prazo":null,"data_fim_prazo":null,"em_tramitacao":true,"polemica":false,"objeto":"","complementar":false,"ementa":"Assunto: Amplia\u00e7\u00e3o de atendimentos para pessoas com TEA.","indexacao":"Senhor Prefeito,\r\n\r\nO Vereador que esta subscreve, no uso de suas atribui\u00e7\u00f5es legais, indica a Vossa Excel\u00eancia:\r\n\r\n1. Amplia\u00e7\u00e3o do atendimento em psiquiatria infantil no Centro Municipal do Autismo, visando diagn\u00f3stico precoce e acompanhamento adequado \u00e0s crian\u00e7as com TEA;\r\n\r\n2. Amplia\u00e7\u00e3o do atendimento no CAPS para inclus\u00e3o de adultos com TEA, bem como suporte psicol\u00f3gico a familiares e cuidadores;\r\n\r\n3. Que o CAPS atue como porta de entrada, realizando acolhimento, triagem e encaminhamento desses p\u00fablicos.\r\n\r\nJustificativa:\r\n\r\nO aumento dos casos de TEA demanda a amplia\u00e7\u00e3o dos servi\u00e7os especializados no munic\u00edpio. Observa-se tamb\u00e9m a necessidade de atendimento aos adultos e apoio \u00e0s fam\u00edlias, garantindo um cuidado mais completo e humanizado, conforme diretrizes da Rede de Aten\u00e7\u00e3o Psicossocial (RAPS).","observacao":"","resultado":"","texto_original":"http://sapl.alfenas.mg.leg.br/media/sapl/public/materialegislativa/2026/5727/indicacao_273.2026_-_dunga_assinada.pdf","data_ultima_atualizacao":"2026-04-15T09:10:29.900701-03:00","ip":"177.75.206.161","ultima_edicao":"2026-04-10T10:44:56.945463-03:00","tipo":17,"regime_tramitacao":1,"tipo_origem_externa":null,"local_origem_externa":null,"user":9,"anexadas":[],"autores":[31]}