{"id":5719,"__str__":"Indica\u00e7\u00e3o n\u00ba 269 de 2026","link_detail_backend":"/materia/5719","metadata":{"signs":{"texto_original":{"admin":[],"autores":[["Marcio Fernando Costa",["2026-04-01T10:52:34-03:00","ICP-Brasil"]]]}}},"numero":269,"ano":2026,"numero_protocolo":686,"data_apresentacao":"2026-04-01","tipo_apresentacao":"","data_publicacao":null,"numero_origem_externa":"","ano_origem_externa":null,"data_origem_externa":null,"apelido":"","dias_prazo":null,"data_fim_prazo":null,"em_tramitacao":true,"polemica":false,"objeto":"","complementar":false,"ementa":"Indica o estudo d a possibilidade de implanta\u00e7\u00e3o de uma farm\u00e1cia espec\u00edfica para atendimento dos pacientes acompanhados pelo Centro Municipal do Autismo e seus respectivos n\u00facleos.","indexacao":"","observacao":"","resultado":"","texto_original":"http://sapl.alfenas.mg.leg.br/media/sapl/public/materialegislativa/2026/5719/indicacao_269.2026_-_dunga_assinada.pdf","data_ultima_atualizacao":"2026-04-07T09:54:43.106457-03:00","ip":"189.56.118.154","ultima_edicao":"2026-04-01T11:00:22.913379-03:00","tipo":17,"regime_tramitacao":1,"tipo_origem_externa":null,"local_origem_externa":null,"user":8,"anexadas":[],"autores":[31]}