{"id":5467,"__str__":"Indica\u00e7\u00e3o n\u00ba 104 de 2026","link_detail_backend":"/materia/5467","metadata":{"signs":{"texto_original":{"admin":[],"autores":[["Thalles Silva Gomes",["2026-02-06T10:08:46-03:00","ICP-Brasil"]]]}}},"numero":104,"ano":2026,"numero_protocolo":261,"data_apresentacao":"2026-02-06","tipo_apresentacao":"","data_publicacao":null,"numero_origem_externa":"","ano_origem_externa":null,"data_origem_externa":null,"apelido":"","dias_prazo":null,"data_fim_prazo":null,"em_tramitacao":true,"polemica":false,"objeto":"","complementar":false,"ementa":"Indica a realiza\u00e7\u00e3o de reforma estrutural no pr\u00e9dio que abriga o Conselho Tutelar de Alfenas.","indexacao":"","observacao":"","resultado":"","texto_original":"http://sapl.alfenas.mg.leg.br/media/sapl/public/materialegislativa/2026/5467/indicacao_104.2026_-_thalles.pdf","data_ultima_atualizacao":"2026-02-24T15:04:51.191218-03:00","ip":"189.50.154.150","ultima_edicao":"2026-02-06T09:36:34.479386-03:00","tipo":17,"regime_tramitacao":1,"tipo_origem_externa":null,"local_origem_externa":null,"user":14,"anexadas":[],"autores":[67]}