{"id":5333,"__str__":"Indica\u00e7\u00e3o n\u00ba 8 de 2026","link_detail_backend":"/materia/5333","metadata":{"signs":{"texto_original":{"admin":[],"autores":[["Marcio Fernando Costa",["2026-01-13T16:28:06-03:00","ICP-Brasil"]]]}}},"numero":8,"ano":2026,"numero_protocolo":35,"data_apresentacao":"2026-01-12","tipo_apresentacao":"","data_publicacao":null,"numero_origem_externa":"","ano_origem_externa":null,"data_origem_externa":null,"apelido":"","dias_prazo":null,"data_fim_prazo":null,"em_tramitacao":true,"polemica":false,"objeto":"","complementar":false,"ementa":"Solicita a retirada, urgente, de fios soltos e ca\u00eddos no ch\u00e3o na Rua Calif\u00f3rnia, esquina com a Rua Avelino Batista de Andrade, bem como a devida notifica\u00e7\u00e3o das empresas respons\u00e1veis.","indexacao":"","observacao":"","resultado":"","texto_original":"http://sapl.alfenas.mg.leg.br/media/sapl/public/materialegislativa/2026/5333/indicacao_08.2026_-_dunga_assinada.pdf","data_ultima_atualizacao":"2026-01-20T10:23:29.923606-03:00","ip":"189.56.118.154","ultima_edicao":"2026-01-13T16:37:50.773160-03:00","tipo":17,"regime_tramitacao":1,"tipo_origem_externa":null,"local_origem_externa":null,"user":8,"anexadas":[],"autores":[31]}