{"id":5027,"__str__":"Indica\u00e7\u00e3o n\u00ba 796 de 2025","link_detail_backend":"/materia/5027","metadata":{"signs":{"texto_original":{"admin":[],"autores":[["Maria Idalina da Silva",["2025-10-24T10:22:05-03:00","ICP-Brasil"]]]}}},"numero":796,"ano":2025,"numero_protocolo":2193,"data_apresentacao":"2025-10-24","tipo_apresentacao":"","data_publicacao":null,"numero_origem_externa":"","ano_origem_externa":null,"data_origem_externa":null,"apelido":"","dias_prazo":null,"data_fim_prazo":null,"em_tramitacao":true,"polemica":false,"objeto":"","complementar":false,"ementa":"Solicita estudos e projeto para extens\u00e3o de rede el\u00e9trica e instala\u00e7\u00e3o de ilumina\u00e7\u00e3o p\u00fablica.","indexacao":"","observacao":"","resultado":"","texto_original":"http://sapl.alfenas.mg.leg.br/media/sapl/public/materialegislativa/2025/5027/indicacao_796.2025_estudos_e_projeto_para_extensao_de_rede_eletrica_e_instalacao_de_iluminacao_assinado.pdf","data_ultima_atualizacao":"2025-10-28T09:55:58.984425-03:00","ip":"189.56.118.154","ultima_edicao":"2025-10-24T10:30:27.291273-03:00","tipo":17,"regime_tramitacao":1,"tipo_origem_externa":null,"local_origem_externa":null,"user":8,"anexadas":[],"autores":[62]}