{"id":5019,"__str__":"Mo\u00e7\u00e3o n\u00ba 94 de 2025","link_detail_backend":"/materia/5019","metadata":{"signs":{"texto_original":{"admin":[],"autores":[["Thalles Silva Gomes",["2025-10-24T11:21:35-03:00","ICP-Brasil"]]]}}},"numero":94,"ano":2025,"numero_protocolo":2188,"data_apresentacao":"2025-10-24","tipo_apresentacao":"","data_publicacao":null,"numero_origem_externa":"","ano_origem_externa":null,"data_origem_externa":null,"apelido":"","dias_prazo":null,"data_fim_prazo":null,"em_tramitacao":true,"polemica":false,"objeto":"","complementar":false,"ementa":"Mo\u00e7\u00e3o de pesar pelo falecimento do jornalista, professor e l\u00edder sindical Jos\u00e9 Mendon\u00e7a Filho.","indexacao":"","observacao":"","resultado":"","texto_original":"http://sapl.alfenas.mg.leg.br/media/sapl/public/materialegislativa/2025/5019/mocao_de_pesar_94.2025_-_thalles.pdf","data_ultima_atualizacao":"2025-10-28T09:58:58.921154-03:00","ip":"189.56.118.154","ultima_edicao":"2025-10-24T09:16:28.096784-03:00","tipo":13,"regime_tramitacao":1,"tipo_origem_externa":null,"local_origem_externa":null,"user":7,"anexadas":[],"autores":[67]}