{"id":4904,"__str__":"Indica\u00e7\u00e3o n\u00ba 731 de 2025","link_detail_backend":"/materia/4904","metadata":{"signs":{"texto_original":{"admin":[],"autores":[["Thalles Silva Gomes",["2025-09-26T11:16:50-03:00","ICP-Brasil"]]]}}},"numero":731,"ano":2025,"numero_protocolo":2000,"data_apresentacao":"2025-09-26","tipo_apresentacao":"","data_publicacao":null,"numero_origem_externa":"","ano_origem_externa":null,"data_origem_externa":null,"apelido":"","dias_prazo":null,"data_fim_prazo":null,"em_tramitacao":true,"polemica":false,"objeto":"","complementar":false,"ementa":"Solicita a ado\u00e7\u00e3o de medidas de apoio e acompanhamento \u00e0s fam\u00edlias do Conjunto Habitacional Jardim S\u00e3o Carlos, atualmente atendidas pelo programa de aluguel social, para que sejam tratadas com devido cuidado e respeito, recebendo apoio humano e condi\u00e7\u00f5es adequadas de moradia provis\u00f3ria","indexacao":"","observacao":"","resultado":"","texto_original":"http://sapl.alfenas.mg.leg.br/media/sapl/public/materialegislativa/2025/4904/indicacao_731.2025_-_thalles.pdf","data_ultima_atualizacao":"2025-09-30T16:27:56.370209-03:00","ip":"143.255.113.48","ultima_edicao":"2025-09-26T10:45:47.976634-03:00","tipo":17,"regime_tramitacao":1,"tipo_origem_externa":null,"local_origem_externa":null,"user":14,"anexadas":[],"autores":[67]}