{"id":4897,"__str__":"Indica\u00e7\u00e3o n\u00ba 726 de 2025","link_detail_backend":"/materia/4897","metadata":{"signs":{"texto_original":{"admin":[],"autores":[["Marcio Fernando Costa",["2025-09-26T10:39:25-03:00","ICP-Brasil"]]]}}},"numero":726,"ano":2025,"numero_protocolo":1993,"data_apresentacao":"2025-09-26","tipo_apresentacao":"","data_publicacao":null,"numero_origem_externa":"","ano_origem_externa":null,"data_origem_externa":null,"apelido":"","dias_prazo":null,"data_fim_prazo":null,"em_tramitacao":true,"polemica":false,"objeto":"","complementar":false,"ementa":"Sugere a uma parceria entre a Secretaria de Esportes e Secretaria de Sa\u00fade e Educa\u00e7\u00e3o, para a cria\u00e7\u00e3o de um programa de nata\u00e7\u00e3o adaptada e terapias aqu\u00e1ticas, destinado a atender crian\u00e7as especiais, principalmente para crian\u00e7as autistas, visando proporcionar qualidade de vida, lazer inclusivo e benef\u00edcios terap\u00eauticos reconhecidos pela medicina.","indexacao":"","observacao":"","resultado":"","texto_original":"http://sapl.alfenas.mg.leg.br/media/sapl/public/materialegislativa/2025/4897/indicacao_726.2025_-_dunga_assinada.pdf","data_ultima_atualizacao":"2025-09-30T16:27:55.386578-03:00","ip":"189.56.118.154","ultima_edicao":"2025-09-26T10:41:42.308619-03:00","tipo":17,"regime_tramitacao":1,"tipo_origem_externa":null,"local_origem_externa":null,"user":8,"anexadas":[],"autores":[31]}