{"id":4816,"__str__":"Indica\u00e7\u00e3o n\u00ba 685 de 2025","link_detail_backend":"/materia/4816","metadata":{"signs":{"texto_original":{"admin":[],"autores":[["Evanilson Pereira de Andrade",["2025-09-12T10:44:05-03:00","ICP-Brasil"]]]}}},"numero":685,"ano":2025,"numero_protocolo":1871,"data_apresentacao":"2025-09-12","tipo_apresentacao":"","data_publicacao":null,"numero_origem_externa":"","ano_origem_externa":null,"data_origem_externa":null,"apelido":"","dias_prazo":null,"data_fim_prazo":null,"em_tramitacao":true,"polemica":false,"objeto":"","complementar":false,"ementa":"Indica a coloca\u00e7\u00e3o de uma placa de tr\u00e2nsito de parada de 15 minutos na Rua Padre Corn\u00e9lio Hans em frente ao CTA \u2013 Centro de Testagem e Aconselhamento, para que o desembarque de pacientes e pessoas ocorra com mais seguran\u00e7a.","indexacao":"","observacao":"","resultado":"","texto_original":"http://sapl.alfenas.mg.leg.br/media/sapl/public/materialegislativa/2025/4816/indicacao_685.2025_-ratinho.assinado.pdf","data_ultima_atualizacao":"2025-09-16T10:42:27.087097-03:00","ip":"143.255.113.48","ultima_edicao":"2025-09-12T10:44:24.912669-03:00","tipo":17,"regime_tramitacao":1,"tipo_origem_externa":null,"local_origem_externa":null,"user":10,"anexadas":[],"autores":[33]}