{"id":4814,"__str__":"Indica\u00e7\u00e3o n\u00ba 684 de 2025","link_detail_backend":"/materia/4814","metadata":{"signs":{"texto_original":{"admin":[],"autores":[["Marcio Fernando Costa",["2025-09-12T11:45:53-03:00","ICP-Brasil"]]]}}},"numero":684,"ano":2025,"numero_protocolo":1869,"data_apresentacao":"2025-09-12","tipo_apresentacao":"","data_publicacao":null,"numero_origem_externa":"","ano_origem_externa":null,"data_origem_externa":null,"apelido":"","dias_prazo":null,"data_fim_prazo":null,"em_tramitacao":true,"polemica":false,"objeto":"","complementar":false,"ementa":"Indica a realiza\u00e7\u00e3o de opera\u00e7\u00e3o tapa-buracos emergencial rua Pra\u00e7a Padre Afonso Van Graff e, posteriormente, o planejamento para recapeamento completo da via, para assegurar durabilidade e seguran\u00e7a o local.","indexacao":"","observacao":"","resultado":"","texto_original":"http://sapl.alfenas.mg.leg.br/media/sapl/public/materialegislativa/2025/4814/indicacao_684.2025_-_dunga_assinada.pdf","data_ultima_atualizacao":"2025-09-16T10:42:26.869178-03:00","ip":"143.255.113.48","ultima_edicao":"2025-09-12T11:49:55.547820-03:00","tipo":17,"regime_tramitacao":1,"tipo_origem_externa":null,"local_origem_externa":null,"user":14,"anexadas":[],"autores":[31]}