{"id":4800,"__str__":"Projeto de Decreto Legislativo n\u00ba 39 de 2025","link_detail_backend":"/materia/4800","metadata":{"signs":{"texto_original":{"admin":[],"autores":[["Ednilson Francisco Neto",["2025-09-12T08:58:41-03:00","ICP-Brasil"]]]}}},"numero":39,"ano":2025,"numero_protocolo":1855,"data_apresentacao":"2025-09-11","tipo_apresentacao":"","data_publicacao":null,"numero_origem_externa":"","ano_origem_externa":null,"data_origem_externa":null,"apelido":"","dias_prazo":null,"data_fim_prazo":null,"em_tramitacao":true,"polemica":false,"objeto":"","complementar":false,"ementa":"Projeto de Honra ao M\u00e9rito ao Sr N\u00e9liton de Jesus Viana, pelos relevantes servi\u00e7os prestados na comunidade alfenense  como volunt\u00e1rio  no \r\nprojeto \"Guardi\u00f5es da Alegria\"   levando  carinho , aten\u00e7\u00e3o e esperan\u00e7a \u00e0 enfermos e crian\u00e7as em datas comemorativas","indexacao":"","observacao":"","resultado":"","texto_original":"http://sapl.alfenas.mg.leg.br/media/sapl/public/materialegislativa/2025/4800/ednilson_diploma_de_honra_ao_merito__-_neliton.pdf","data_ultima_atualizacao":"2025-11-18T08:53:58.918377-03:00","ip":"143.255.113.48","ultima_edicao":"2025-09-12T09:07:19.572028-03:00","tipo":8,"regime_tramitacao":1,"tipo_origem_externa":null,"local_origem_externa":null,"user":8,"anexadas":[],"autores":[60]}