{"id":4791,"__str__":"Indica\u00e7\u00e3o n\u00ba 669 de 2025","link_detail_backend":"/materia/4791","metadata":{"signs":{"texto_original":{"admin":[],"autores":[["Jefferson dos Reis Padilha Goncalves",["2025-09-12T08:46:09-03:00","ICP-Brasil"]]]}}},"numero":669,"ano":2025,"numero_protocolo":1843,"data_apresentacao":"2025-09-11","tipo_apresentacao":"","data_publicacao":null,"numero_origem_externa":"","ano_origem_externa":null,"data_origem_externa":null,"apelido":"","dias_prazo":null,"data_fim_prazo":null,"em_tramitacao":true,"polemica":false,"objeto":"","complementar":false,"ementa":"Indica a possibilidade de alocar funcion\u00e1rio fixo para atuar como respons\u00e1vel pela manuten\u00e7\u00e3o do Complexo do Vila Formosa e seu entorno, incluindo parquinho, quadras, pista de caminhada e limpeza das ruas adjacentes, considerando que o local \u00e9 frequentemente utilizado por crian\u00e7as, idosos e pedestres para fins de  lazer e atividades f\u00edsicas, especialmente com a proximidade do per\u00edodo de calor, quando aumenta a demanda pelo espa\u00e7o.","indexacao":"","observacao":"","resultado":"","texto_original":"http://sapl.alfenas.mg.leg.br/media/sapl/public/materialegislativa/2025/4791/indicacao_669.2025_-_guigui.pdf","data_ultima_atualizacao":"2025-09-16T10:42:23.276733-03:00","ip":"189.56.118.154","ultima_edicao":"2025-09-11T17:01:56.535198-03:00","tipo":17,"regime_tramitacao":1,"tipo_origem_externa":null,"local_origem_externa":null,"user":14,"anexadas":[],"autores":[63]}