{"id":4763,"__str__":"Projeto de Lei Ordin\u00e1ria n\u00ba 59 de 2025","link_detail_backend":"/materia/4763","metadata":{"signs":{"texto_original":{"admin":[],"autores":[["Gilmar Costa da Silva",["2025-09-04T12:03:12-03:00","ICP-Brasil"]]]}}},"numero":59,"ano":2025,"numero_protocolo":1796,"data_apresentacao":"2025-09-04","tipo_apresentacao":"","data_publicacao":null,"numero_origem_externa":"","ano_origem_externa":null,"data_origem_externa":null,"apelido":"","dias_prazo":null,"data_fim_prazo":null,"em_tramitacao":true,"polemica":false,"objeto":"","complementar":false,"ementa":"Projeto de Lei que criam as Comiss\u00f5es de M\u00e3es e Pais de Crian\u00e7as At\u00edpicas no \u00e2mbito do Munic\u00edpio de Alfenas.","indexacao":"","observacao":"","resultado":"","texto_original":"http://sapl.alfenas.mg.leg.br/media/sapl/public/materialegislativa/2025/4763/projeto_que_dispoe_sobre_a_criacao_da_comissao_de_pais_e_maes_atipicas_assinada.pdf","data_ultima_atualizacao":"2025-09-08T20:49:19.747014-03:00","ip":"177.75.206.85","ultima_edicao":"2025-09-04T16:14:34.309325-03:00","tipo":9,"regime_tramitacao":1,"tipo_origem_externa":null,"local_origem_externa":null,"user":14,"anexadas":[],"autores":[61]}