{"id":4749,"__str__":"Indica\u00e7\u00e3o n\u00ba 649 de 2025","link_detail_backend":"/materia/4749","metadata":{"signs":{"texto_original":{"admin":[],"autores":[["Evanilson Pereira de Andrade",["2025-09-04T16:20:10-03:00","ICP-Brasil"]]]}}},"numero":649,"ano":2025,"numero_protocolo":1775,"data_apresentacao":"2025-09-02","tipo_apresentacao":"","data_publicacao":null,"numero_origem_externa":"","ano_origem_externa":null,"data_origem_externa":null,"apelido":"","dias_prazo":null,"data_fim_prazo":null,"em_tramitacao":true,"polemica":false,"objeto":"","complementar":false,"ementa":"Solicito ao Sr. Prefeito Municipal que verifique com o setor respons\u00e1vel, a possibilidade de realocar as fam\u00edlias que perderam seus apartamentos devido as chuvas no Residencial S\u00e3o Carlos na cidade de Alfenas \u2013 MG, para o novo terreno adquirido pela Prefeitura para a constru\u00e7\u00e3o das casas populares.","indexacao":"","observacao":"","resultado":"","texto_original":"http://sapl.alfenas.mg.leg.br/media/sapl/public/materialegislativa/2025/4749/indicacao_649.2025_-_ratinho_assinado.pdf","data_ultima_atualizacao":"2025-09-09T11:13:20.233145-03:00","ip":"177.75.206.85","ultima_edicao":"2025-09-04T16:24:38.476831-03:00","tipo":17,"regime_tramitacao":1,"tipo_origem_externa":null,"local_origem_externa":null,"user":14,"anexadas":[4908],"autores":[33]}