{"id":4724,"__str__":"Mo\u00e7\u00e3o n\u00ba 76 de 2025","link_detail_backend":"/materia/4724","metadata":{"signs":{"texto_original":{"admin":[],"autores":[["Marcio Fernando Costa",["2025-08-29T11:05:42-03:00","ICP-Brasil"]]]}}},"numero":76,"ano":2025,"numero_protocolo":1735,"data_apresentacao":"2025-08-29","tipo_apresentacao":"","data_publicacao":null,"numero_origem_externa":"","ano_origem_externa":null,"data_origem_externa":null,"apelido":"","dias_prazo":null,"data_fim_prazo":null,"em_tramitacao":true,"polemica":false,"objeto":"","complementar":false,"ementa":"Apresenta Mo\u00e7\u00e3o de Aplausos \u00e0 Escola Judith Viana, representada pelas professoras Nayara Nunes Costa Carvalho e Carla Maria Zandona Esp\u00edndola, bem como aos estudantes que participaram da 28\u00aa Olimp\u00edada Brasileira de Astronomia e Astron\u00e1utica (OBA), pelos excelentes resultados obtidos, motivo de orgulho para toda nossa comunidade escolar e municipal.","indexacao":"","observacao":"","resultado":"","texto_original":"http://sapl.alfenas.mg.leg.br/media/sapl/public/materialegislativa/2025/4724/mocao_76.2025_-_dunga_assinada.pdf","data_ultima_atualizacao":"2025-09-02T11:17:02.958407-03:00","ip":"177.75.206.85","ultima_edicao":"2025-08-29T11:39:13.055807-03:00","tipo":13,"regime_tramitacao":1,"tipo_origem_externa":null,"local_origem_externa":null,"user":8,"anexadas":[],"autores":[31]}