{"id":4721,"__str__":"Requerimento n\u00ba 100 de 2025","link_detail_backend":"/materia/4721","metadata":{"signs":{"texto_original":{"admin":[],"autores":[["Marcio Fernando Costa",["2025-08-29T10:00:08-03:00","ICP-Brasil"]]]}}},"numero":100,"ano":2025,"numero_protocolo":1732,"data_apresentacao":"2025-08-29","tipo_apresentacao":"","data_publicacao":null,"numero_origem_externa":"","ano_origem_externa":null,"data_origem_externa":null,"apelido":"","dias_prazo":null,"data_fim_prazo":null,"em_tramitacao":true,"polemica":false,"objeto":"","complementar":false,"ementa":"Requer informa\u00e7\u00f5es sobre os servi\u00e7os de transporte municipal coletivo e individual, a fim de verificar se a fiscaliza\u00e7\u00e3o municipal tem sido realizada de forma igualit\u00e1ria para todas as modalidades de transporte urbano.","indexacao":"","observacao":"","resultado":"","texto_original":"http://sapl.alfenas.mg.leg.br/media/sapl/public/materialegislativa/2025/4721/requerimento_100.2025_-_dunga_assinado.pdf","data_ultima_atualizacao":"2025-09-11T17:51:14.417677-03:00","ip":"189.56.118.154","ultima_edicao":"2025-08-29T10:17:22.443113-03:00","tipo":14,"regime_tramitacao":1,"tipo_origem_externa":null,"local_origem_externa":null,"user":14,"anexadas":[4935,4944],"autores":[31]}