{"id":4698,"__str__":"Requerimento n\u00ba 96 de 2025","link_detail_backend":"/materia/4698","metadata":{"signs":{"texto_original":{"admin":[],"autores":[["Cirlei Jose de Carvalho",["2025-08-28T10:06:04-03:00","ICP-Brasil"]]]}}},"numero":96,"ano":2025,"numero_protocolo":1703,"data_apresentacao":"2025-08-28","tipo_apresentacao":"","data_publicacao":null,"numero_origem_externa":"","ano_origem_externa":null,"data_origem_externa":null,"apelido":"","dias_prazo":null,"data_fim_prazo":null,"em_tramitacao":true,"polemica":false,"objeto":"","complementar":false,"ementa":"Assunto: Solicita\u00e7\u00e3o de informa\u00e7\u00f5es sobre o Conselho Municipal de Transporte e Tr\u00e2nsito","indexacao":"","observacao":"","resultado":"","texto_original":"http://sapl.alfenas.mg.leg.br/media/sapl/public/materialegislativa/2025/4698/requerimento_96.2025_-_cirlei.docx_assinado.pdf","data_ultima_atualizacao":"2025-09-11T17:50:19.013182-03:00","ip":"189.56.118.154","ultima_edicao":"2025-08-28T10:09:43.768631-03:00","tipo":14,"regime_tramitacao":1,"tipo_origem_externa":null,"local_origem_externa":null,"user":8,"anexadas":[4939],"autores":[59]}