{"id":4691,"__str__":"Mo\u00e7\u00e3o n\u00ba 71 de 2025","link_detail_backend":"/materia/4691","metadata":{"signs":{"texto_original":{"admin":[],"autores":[["Thalles Silva Gomes",["2025-08-22T10:41:37-03:00","ICP-Brasil"]]]}}},"numero":71,"ano":2025,"numero_protocolo":1673,"data_apresentacao":"2025-08-22","tipo_apresentacao":"","data_publicacao":null,"numero_origem_externa":"","ano_origem_externa":null,"data_origem_externa":null,"apelido":"","dias_prazo":null,"data_fim_prazo":null,"em_tramitacao":true,"polemica":false,"objeto":"","complementar":false,"ementa":"Mo\u00e7\u00e3o de Pesar em virtude do falecimento do Sr. Jos\u00e9 Alvarez Vieira Rocha.","indexacao":"","observacao":"","resultado":"","texto_original":"http://sapl.alfenas.mg.leg.br/media/sapl/public/materialegislativa/2025/4691/mocao_71.2025_-thalles.pdf","data_ultima_atualizacao":"2025-08-26T15:58:15.777835-03:00","ip":"189.56.118.154","ultima_edicao":"2025-08-22T10:09:36.973045-03:00","tipo":13,"regime_tramitacao":1,"tipo_origem_externa":null,"local_origem_externa":null,"user":14,"anexadas":[],"autores":[67]}