{"id":4681,"__str__":"Indica\u00e7\u00e3o n\u00ba 620 de 2025","link_detail_backend":"/materia/4681","metadata":{"signs":{"texto_original":{"admin":[],"autores":[["Jose Batista Neto",["2025-08-22T11:03:38-03:00","ICP-Brasil"]]]}}},"numero":620,"ano":2025,"numero_protocolo":1663,"data_apresentacao":"2025-08-22","tipo_apresentacao":"","data_publicacao":null,"numero_origem_externa":"","ano_origem_externa":null,"data_origem_externa":null,"apelido":"","dias_prazo":null,"data_fim_prazo":null,"em_tramitacao":true,"polemica":false,"objeto":"","complementar":false,"ementa":"Tapa buracos nas ruas Josefina Salles Rey e Av. Jo\u00e3o Janu\u00e1rio Magalh\u00e3es.","indexacao":"","observacao":"","resultado":"","texto_original":"http://sapl.alfenas.mg.leg.br/media/sapl/public/materialegislativa/2025/4681/indicacao_620.2025_-_ze_batista.pdf","data_ultima_atualizacao":"2025-08-26T15:50:43.976327-03:00","ip":"189.56.118.154","ultima_edicao":"2025-08-22T09:28:34.707576-03:00","tipo":17,"regime_tramitacao":1,"tipo_origem_externa":null,"local_origem_externa":null,"user":14,"anexadas":[],"autores":[68]}