{"id":4668,"__str__":"Requerimento n\u00ba 94 de 2025","link_detail_backend":"/materia/4668","metadata":{"signs":{"texto_original":{"admin":[],"autores":[["Gilmar Costa da Silva",["2025-08-21T15:10:36-03:00","ICP-Brasil"]]]}}},"numero":94,"ano":2025,"numero_protocolo":1646,"data_apresentacao":"2025-08-21","tipo_apresentacao":"","data_publicacao":null,"numero_origem_externa":"","ano_origem_externa":null,"data_origem_externa":null,"apelido":"","dias_prazo":null,"data_fim_prazo":null,"em_tramitacao":true,"polemica":false,"objeto":"","complementar":false,"ementa":"Solicita informa\u00e7\u00f5es referente a 3\u00aa Festa de Pe\u00e3o do Munic\u00edpio de Alfenas, realizado entre os dias 08 a 10 de agosto de 2025 e a arrecada\u00e7\u00e3o de alimentos realizada por meio da troca solid\u00e1ria.","indexacao":"","observacao":"","resultado":"","texto_original":"http://sapl.alfenas.mg.leg.br/media/sapl/public/materialegislativa/2025/4668/requerimento_94.2025_-_gilmar_assinado.pdf","data_ultima_atualizacao":"2025-09-11T17:48:12.299503-03:00","ip":"177.75.206.203","ultima_edicao":"2025-08-21T17:11:07.861264-03:00","tipo":14,"regime_tramitacao":1,"tipo_origem_externa":null,"local_origem_externa":null,"user":8,"anexadas":[4994],"autores":[61]}