{"id":4664,"__str__":"Requerimento n\u00ba 93 de 2025","link_detail_backend":"/materia/4664","metadata":{"signs":{"texto_original":{"admin":[],"autores":[["Evanilson Pereira de Andrade",["2025-08-21T09:39:21-03:00","ICP-Brasil"]]]}}},"numero":93,"ano":2025,"numero_protocolo":1641,"data_apresentacao":"2025-08-21","tipo_apresentacao":"","data_publicacao":null,"numero_origem_externa":"","ano_origem_externa":null,"data_origem_externa":null,"apelido":"","dias_prazo":null,"data_fim_prazo":null,"em_tramitacao":true,"polemica":false,"objeto":"","complementar":false,"ementa":"Requeiro informa\u00e7\u00f5es junto a Prefeitura Municipal para que encaminhe ao setor de compet\u00eancia, a solicita\u00e7\u00e3o da informa\u00e7\u00e3o de quantas pessoas de Alfenas s\u00e3o cadastradas e atendidas pelo Sistema \u00danico de Sa\u00fade (SUS) na nossa cidade e qual a demanda de atendimento a pessoas de outras cidades no nosso munic\u00edpio.","indexacao":"","observacao":"","resultado":"","texto_original":"http://sapl.alfenas.mg.leg.br/media/sapl/public/materialegislativa/2025/4664/requerimento_93.2025_-_ratinho.assinado.pdf","data_ultima_atualizacao":"2025-09-11T17:47:54.136709-03:00","ip":"177.75.206.203","ultima_edicao":"2025-08-21T09:41:13.912770-03:00","tipo":14,"regime_tramitacao":1,"tipo_origem_externa":null,"local_origem_externa":null,"user":10,"anexadas":[4739],"autores":[33]}