{"id":4594,"__str__":"Projeto de Lei Ordin\u00e1ria n\u00ba 48 de 2025","link_detail_backend":"/materia/4594","metadata":{"signs":{"texto_original":{"admin":[],"autores":[["Matheus Paccini Pereira",["2025-07-22T16:11:31-03:00","ICP-Brasil"]]]}}},"numero":48,"ano":2025,"numero_protocolo":1519,"data_apresentacao":"2025-07-21","tipo_apresentacao":"","data_publicacao":null,"numero_origem_externa":"","ano_origem_externa":null,"data_origem_externa":null,"apelido":"","dias_prazo":null,"data_fim_prazo":null,"em_tramitacao":true,"polemica":false,"objeto":"","complementar":false,"ementa":"Denomina o Complexo Esportivo da Vila Formosa e d\u00e1 outras provid\u00eancias.","indexacao":"","observacao":"Assunto: que o Complexo Esportivo da Vila Formosa passe a ser denominado \u201cComplexo Esportivo Orlando J\u00fanior de Souza, carinhosamente conhecido como Orlandinho, morador do bairro e figura marcante na \u00e1rea do esporte de nosso munic\u00edpio. \r\nJustificativa: O presente Projeto de Lei com o objetivo de homenagear, de forma justa e simb\u00f3lica, o senhor Orlando J\u00fanior de Souza, carinhosamente conhecido como Orlandinho, denominando o Complexo Esportivo da Vila Formosa com seu nome.\r\n\r\nOrlandinho foi um servidor p\u00fablico exemplar, atuando como professor de educa\u00e7\u00e3o f\u00edsica e tendo participa\u00e7\u00e3o ativa no programa Cidade Escola, onde desempenhou um papel fundamental na forma\u00e7\u00e3o esportiva de crian\u00e7as e adolescentes do munic\u00edpio. Sua atua\u00e7\u00e3o ultrapassou o campo profissional, sendo reconhecido como uma figura querida, respeitada e presente na vida da comunidade, especialmente no bairro Vila Formosa, onde residia.\r\n\r\nCom dedica\u00e7\u00e3o, empatia e compromisso, Orlandinho contribuiu significativamente para o desenvolvimento do esporte local, sempre promovendo a inclus\u00e3o, a disciplina e os valores sociais por meio da atividade f\u00edsica.\r\n\r\nA escolha de nomear o Complexo Esportivo da Vila Formosa com seu nome tem como objetivo preservar sua mem\u00f3ria e reconhecer publicamente seu legado. \u00c9 uma forma de eternizar o impacto positivo que ele deixou na vida de tantos alfenenses, especialmente entre os jovens.\r\n\r\nDiante disso, solicitamos o apoio dos nobres colegas vereadores para aprova\u00e7\u00e3o deste projeto.","resultado":"","texto_original":"http://sapl.alfenas.mg.leg.br/media/sapl/public/materialegislativa/2025/4594/projeto_de_lei_complexo_orlandinho.pdf","data_ultima_atualizacao":"2025-09-26T11:56:29.022906-03:00","ip":"189.56.118.154","ultima_edicao":"2025-07-22T15:52:26.935021-03:00","tipo":9,"regime_tramitacao":1,"tipo_origem_externa":null,"local_origem_externa":null,"user":9,"anexadas":[],"autores":[64]}