{"id":4562,"__str__":"Emenda n\u00ba 24 de 2025","link_detail_backend":"/materia/4562","metadata":{},"numero":24,"ano":2025,"numero_protocolo":null,"data_apresentacao":"2025-07-11","tipo_apresentacao":"E","data_publicacao":null,"numero_origem_externa":"","ano_origem_externa":null,"data_origem_externa":null,"apelido":"","dias_prazo":null,"data_fim_prazo":null,"em_tramitacao":true,"polemica":false,"objeto":"","complementar":false,"ementa":"1\u00aa - EMENDA MODIFICATIVA E ADITIVA: o caput do art. 1\u00ba do Projeto de Lei n\u00ba 31/2025 passar\u00e1 a tramitar com a reda\u00e7\u00e3o a seguir descrita, al\u00e9m de ser acrescido de um par\u00e1grafo \u00fanico com a seguinte reda\u00e7\u00e3o:\r\n\r\n\u201cArt. 1\u00ba Fica estabelecida a cria\u00e7\u00e3o de espa\u00e7os reservados, de f\u00e1cil acesso e devidamente sinalizados para pessoas com defici\u00eancia f\u00edsica em eventos culturais, art\u00edsticos, esportivos, shows, apresenta\u00e7\u00f5es teatrais, exibi\u00e7\u00f5es cinematogr\u00e1ficas e demais atividades similares realizadas no Munic\u00edpio de Alfenas, tanto em locais p\u00fablicos quanto privados, abertos ou fechados, nos termos da Lei Federal n\u00ba 13.146, de 6 de julho de 2015, que institui a Lei Brasileira de Inclus\u00e3o da Pessoa com Defici\u00eancia \u2013 Estatuto da Pessoa com Defici\u00eancia, e do Decreto Federal n\u00b0 5.296, de 2 de dezembro de 2004, e suas posteriores altera\u00e7\u00f5es.\r\n\r\nPar\u00e1grafo \u00fanico. O s\u00edmbolo universal das pessoas com defici\u00eancia ser\u00e1 afixado, em local de f\u00e1cil visualiza\u00e7\u00e3o, em todos os espa\u00e7os previstos nesta lei.\u201d","indexacao":"","observacao":"","resultado":"","texto_original":"http://sapl.alfenas.mg.leg.br/media/sapl/public/materialegislativa/2025/4562/24_-_1a_-_emenda_modificativa_e_aditiva_-_ccljrf_-_pl_031.2025_espaco_em_eventos_para_pcd.pdf","data_ultima_atualizacao":"2025-09-12T14:22:43.885336-03:00","ip":"189.56.118.154","ultima_edicao":"2025-07-11T09:27:17.215593-03:00","tipo":29,"regime_tramitacao":1,"tipo_origem_externa":null,"local_origem_externa":null,"user":3,"anexadas":[],"autores":[1]}