{"id":4552,"__str__":"Mo\u00e7\u00e3o n\u00ba 61 de 2025","link_detail_backend":"/materia/4552","metadata":{"signs":{"texto_original":{"admin":[],"autores":[["Matheus Paccini Pereira",["2025-07-10T15:49:46-03:00","ICP-Brasil"]]]}}},"numero":61,"ano":2025,"numero_protocolo":1454,"data_apresentacao":"2025-07-10","tipo_apresentacao":"","data_publicacao":null,"numero_origem_externa":"","ano_origem_externa":null,"data_origem_externa":null,"apelido":"","dias_prazo":null,"data_fim_prazo":null,"em_tramitacao":true,"polemica":false,"objeto":"","complementar":false,"ementa":"Mo\u00e7\u00e3o de Congratula\u00e7\u00e3o e Aplausos ao professor de educa\u00e7\u00e3o f\u00edsica Jo\u00e3o Paulo Gambogi Pereira Vieira Rodrigues.","indexacao":"","observacao":"","resultado":"","texto_original":"http://sapl.alfenas.mg.leg.br/media/sapl/public/materialegislativa/2025/4552/mocao_61.2025_-_matheus.docx.pdf","data_ultima_atualizacao":"2025-07-15T09:50:50.442622-03:00","ip":"189.56.118.154","ultima_edicao":"2025-07-10T15:21:29.334238-03:00","tipo":13,"regime_tramitacao":1,"tipo_origem_externa":null,"local_origem_externa":null,"user":8,"anexadas":[],"autores":[64]}