{"id":4546,"__str__":"Requerimento n\u00ba 86 de 2025","link_detail_backend":"/materia/4546","metadata":{"signs":{"texto_original":{"admin":[],"autores":[["Cirlei Jose de Carvalho",["2025-07-11T09:27:34-03:00","ICP-Brasil"]]]}}},"numero":86,"ano":2025,"numero_protocolo":1447,"data_apresentacao":"2025-07-10","tipo_apresentacao":"","data_publicacao":null,"numero_origem_externa":"","ano_origem_externa":null,"data_origem_externa":null,"apelido":"","dias_prazo":null,"data_fim_prazo":null,"em_tramitacao":true,"polemica":false,"objeto":"","complementar":false,"ementa":"Solicita\u00e7\u00e3o de Provid\u00eancias para Implementa\u00e7\u00e3o/Reativa\u00e7\u00e3o de Linha de Transporte Coletivo no Distrito de Barranco Alto.","indexacao":"","observacao":"","resultado":"","texto_original":"http://sapl.alfenas.mg.leg.br/media/sapl/public/materialegislativa/2025/4546/requerimento_86.2025_-_cirlei_assinada.pdf","data_ultima_atualizacao":"2025-09-11T17:46:33.090179-03:00","ip":"177.75.207.194","ultima_edicao":"2025-07-11T10:37:49.248019-03:00","tipo":14,"regime_tramitacao":1,"tipo_origem_externa":null,"local_origem_externa":null,"user":8,"anexadas":[4605],"autores":[59]}