{"id":4512,"__str__":"Mo\u00e7\u00e3o n\u00ba 53 de 2025","link_detail_backend":"/materia/4512","metadata":{"signs":{"texto_original":{"admin":[],"autores":[["Braz Fernando da Silva",["2025-07-03T13:01:18-03:00","ICP-Brasil"]]]}}},"numero":53,"ano":2025,"numero_protocolo":1390,"data_apresentacao":"2025-07-03","tipo_apresentacao":"","data_publicacao":null,"numero_origem_externa":"","ano_origem_externa":null,"data_origem_externa":null,"apelido":"","dias_prazo":null,"data_fim_prazo":null,"em_tramitacao":true,"polemica":false,"objeto":"","complementar":false,"ementa":"MO\u00c7\u00c3O DE CONGRATULA\u00c7\u00d5ES E APLAUSOS aos irm\u00e3os g\u00eameos cantores mirins, Laira Santos Lenceh e Leonardo Santos Lenceh, atualmente com dez anos de idade, pelas v\u00e1rias apresenta\u00e7\u00f5es musicais em diversas localidades, cantando m\u00fasicas popular, religiosa, infantil e, especialmente, sertaneja.","indexacao":"","observacao":"","resultado":"","texto_original":"http://sapl.alfenas.mg.leg.br/media/sapl/public/materialegislativa/2025/4512/mocao_53.2025_-_braz-_assinada.pdf","data_ultima_atualizacao":"2025-07-08T09:55:06.382265-03:00","ip":"177.75.206.167","ultima_edicao":"2025-07-03T15:45:14.666878-03:00","tipo":13,"regime_tramitacao":1,"tipo_origem_externa":null,"local_origem_externa":null,"user":14,"anexadas":[],"autores":[24]}