{"id":4464,"__str__":"Indica\u00e7\u00e3o n\u00ba 513 de 2025","link_detail_backend":"/materia/4464","metadata":{"signs":{"texto_original":{"admin":[],"autores":[["Braz Fernando da Silva",["2025-06-26T15:01:26-03:00","ICP-Brasil"]]]}}},"numero":513,"ano":2025,"numero_protocolo":1325,"data_apresentacao":"2025-06-25","tipo_apresentacao":"","data_publicacao":null,"numero_origem_externa":"","ano_origem_externa":null,"data_origem_externa":null,"apelido":"","dias_prazo":null,"data_fim_prazo":null,"em_tramitacao":true,"polemica":false,"objeto":"","complementar":false,"ementa":"Indica o reparo por completo nas calhas do Mercado Municipal e a realiza\u00e7\u00e3o de limpeza, duas vezes por semana, no Espa\u00e7o do Centro Vivencial, pois est\u00e1 com muito mal cheiro e sujeira.","indexacao":"","observacao":"","resultado":"","texto_original":"http://sapl.alfenas.mg.leg.br/media/sapl/public/materialegislativa/2025/4464/indicacao_513.2025_-_braz_assinada.pdf","data_ultima_atualizacao":"2025-07-02T09:48:20.958634-03:00","ip":"189.56.118.154","ultima_edicao":"2025-06-27T08:23:54.087149-03:00","tipo":17,"regime_tramitacao":1,"tipo_origem_externa":null,"local_origem_externa":null,"user":14,"anexadas":[],"autores":[24]}