{"id":4422,"__str__":"Requerimento n\u00ba 76 de 2025","link_detail_backend":"/materia/4422","metadata":{"signs":{"texto_original":{"admin":[],"autores":[["Jefferson dos Reis Padilha Goncalves",["2025-06-18T09:08:59-03:00","ICP-Brasil"]]]}}},"numero":76,"ano":2025,"numero_protocolo":1270,"data_apresentacao":"2025-06-17","tipo_apresentacao":"","data_publicacao":null,"numero_origem_externa":"","ano_origem_externa":null,"data_origem_externa":null,"apelido":"","dias_prazo":null,"data_fim_prazo":null,"em_tramitacao":true,"polemica":false,"objeto":"","complementar":false,"ementa":"Requer informa\u00e7\u00f5es quanto aos ve\u00edculos municipais de transporte coletivo de passageiros.","indexacao":"","observacao":"","resultado":"","texto_original":"http://sapl.alfenas.mg.leg.br/media/sapl/public/materialegislativa/2025/4422/requerimento_76.2025_-_guigui.pdf","data_ultima_atualizacao":"2025-09-11T17:44:11.147809-03:00","ip":"177.75.206.167","ultima_edicao":"2025-06-17T16:35:39.005822-03:00","tipo":14,"regime_tramitacao":1,"tipo_origem_externa":null,"local_origem_externa":null,"user":14,"anexadas":[],"autores":[63]}