{"id":4418,"__str__":"Requerimento n\u00ba 75 de 2025","link_detail_backend":"/materia/4418","metadata":{"signs":{"texto_original":{"admin":[],"autores":[["Gilmar Costa da Silva",["2025-06-17T16:20:50-03:00","ICP-Brasil"]]]}}},"numero":75,"ano":2025,"numero_protocolo":1266,"data_apresentacao":"2025-06-17","tipo_apresentacao":"","data_publicacao":null,"numero_origem_externa":"","ano_origem_externa":null,"data_origem_externa":null,"apelido":"","dias_prazo":null,"data_fim_prazo":null,"em_tramitacao":true,"polemica":false,"objeto":"","complementar":false,"ementa":"Solicita informa\u00e7\u00f5es referente a 2\u00aa Festa de Pe\u00e3o do Munic\u00edpio de Alfenas, realizada entre os dias 02 a 04 de agosto de 2024 e a arrecada\u00e7\u00e3o de alimentos realizada por meio da troca solid\u00e1ria.","indexacao":"","observacao":"","resultado":"","texto_original":"http://sapl.alfenas.mg.leg.br/media/sapl/public/materialegislativa/2025/4418/requerimento_75.2025_-_gilmar.docx_assinado.pdf","data_ultima_atualizacao":"2025-09-11T17:43:57.973633-03:00","ip":"177.75.206.167","ultima_edicao":"2025-06-17T16:40:26.661003-03:00","tipo":14,"regime_tramitacao":1,"tipo_origem_externa":null,"local_origem_externa":null,"user":8,"anexadas":[4610],"autores":[61]}