{"id":4416,"__str__":"Indica\u00e7\u00e3o n\u00ba 490 de 2025","link_detail_backend":"/materia/4416","metadata":{"signs":{"texto_original":{"admin":[],"autores":[["Evanilson Pereira de Andrade",["2025-06-18T09:12:36-03:00","ICP-Brasil"]]]}}},"numero":490,"ano":2025,"numero_protocolo":1260,"data_apresentacao":"2025-06-17","tipo_apresentacao":"","data_publicacao":null,"numero_origem_externa":"","ano_origem_externa":null,"data_origem_externa":null,"apelido":"","dias_prazo":null,"data_fim_prazo":null,"em_tramitacao":true,"polemica":false,"objeto":"","complementar":false,"ementa":"Indica a realiza\u00e7\u00e3o da pintura da quadra, melhorias nos telhados e pintura da \u00e1rea externa da Escola Municipal Francisco Pereira Coutinho \u2013 CAIC - Jd. Primavera.","indexacao":"","observacao":"","resultado":"","texto_original":"http://sapl.alfenas.mg.leg.br/media/sapl/public/materialegislativa/2025/4416/indicacao_490.2025_-_ratinho.pdf","data_ultima_atualizacao":"2025-06-24T09:35:42.519011-03:00","ip":"177.75.206.167","ultima_edicao":"2025-06-17T16:58:25.118868-03:00","tipo":17,"regime_tramitacao":1,"tipo_origem_externa":null,"local_origem_externa":null,"user":14,"anexadas":[],"autores":[33]}