{"id":4389,"__str__":"Indica\u00e7\u00e3o n\u00ba 477 de 2025","link_detail_backend":"/materia/4389","metadata":{"signs":{"texto_original":{"admin":[],"autores":[["Evanilson Pereira de Andrade",["2025-06-12T10:32:58-03:00","ICP-Brasil"]]]}}},"numero":477,"ano":2025,"numero_protocolo":1219,"data_apresentacao":"2025-06-12","tipo_apresentacao":"","data_publicacao":null,"numero_origem_externa":"","ano_origem_externa":null,"data_origem_externa":null,"apelido":"","dias_prazo":null,"data_fim_prazo":null,"em_tramitacao":true,"polemica":false,"objeto":"","complementar":false,"ementa":"Solicita\u00e7\u00e3o da possibilidade de coloca\u00e7\u00e3o da extens\u00e3o de rede de ilumina\u00e7\u00e3o p\u00fablica na Rua Emerson Ayer Engel, nas proximidades do n. 633, Loteamento Mont Serrat na cidade de Alfenas \u2013 MG.","indexacao":"","observacao":"","resultado":"","texto_original":"http://sapl.alfenas.mg.leg.br/media/sapl/public/materialegislativa/2025/4389/indicacao_477.2025_-_ratinho.docx.assinado.pdf","data_ultima_atualizacao":"2025-06-17T10:16:10.045077-03:00","ip":"179.191.147.62","ultima_edicao":"2025-06-12T10:33:28.056119-03:00","tipo":17,"regime_tramitacao":1,"tipo_origem_externa":null,"local_origem_externa":null,"user":10,"anexadas":[],"autores":[33]}