{"id":4352,"__str__":"Indica\u00e7\u00e3o n\u00ba 462 de 2025","link_detail_backend":"/materia/4352","metadata":{"signs":{"texto_original":{"admin":[],"autores":[["Matheus Paccini Pereira",["2025-06-06T09:38:52-03:00","ICP-Brasil"]]]}}},"numero":462,"ano":2025,"numero_protocolo":1177,"data_apresentacao":"2025-06-06","tipo_apresentacao":"","data_publicacao":null,"numero_origem_externa":"","ano_origem_externa":null,"data_origem_externa":null,"apelido":"","dias_prazo":null,"data_fim_prazo":null,"em_tramitacao":true,"polemica":false,"objeto":"","complementar":false,"ementa":"Indica a instala\u00e7\u00e3o de ilumina\u00e7\u00e3o p\u00fablica adequada na Rua Casemiro Siqueira Vianna, bairro Santa Maria II, nas proximidades do n\u00famero 116, mais especificamente em frente ao parquinho infantil e \u00e0 academia ao ar livre.","indexacao":"","observacao":"","resultado":"","texto_original":"http://sapl.alfenas.mg.leg.br/media/sapl/public/materialegislativa/2025/4352/indicacao_462.2025_-_matheus._assinado.pdf","data_ultima_atualizacao":"2025-06-10T10:40:47.897592-03:00","ip":"177.75.210.109","ultima_edicao":"2025-06-06T10:24:48.284371-03:00","tipo":17,"regime_tramitacao":1,"tipo_origem_externa":null,"local_origem_externa":null,"user":8,"anexadas":[],"autores":[64]}