{"id":4327,"__str__":"Projeto de Lei Ordin\u00e1ria n\u00ba 30 de 2025","link_detail_backend":"/materia/4327","metadata":{"signs":{"texto_original":{"admin":[],"autores":[["Cirlei Jose de Carvalho",["2025-05-30T11:16:23-03:00","ICP-Brasil"]],["Matheus Paccini Pereira",["2025-05-30T11:29:57-03:00","ICP-Brasil"]]]}}},"numero":30,"ano":2025,"numero_protocolo":1125,"data_apresentacao":"2025-05-30","tipo_apresentacao":"","data_publicacao":null,"numero_origem_externa":"","ano_origem_externa":null,"data_origem_externa":null,"apelido":"","dias_prazo":null,"data_fim_prazo":null,"em_tramitacao":true,"polemica":false,"objeto":"","complementar":false,"ementa":"D\u00e1 denomina\u00e7\u00e3o ao logradouro p\u00fablico Pra\u00e7a da Saudade, localizado no Munic\u00edpio de Alfenas-MG, para Pra\u00e7a da Saudade Hesse Luiz Pereira.","indexacao":"","observacao":"","resultado":"","texto_original":"http://sapl.alfenas.mg.leg.br/media/sapl/public/materialegislativa/2025/4327/projeto_de_lei_no_30.2025_-_cirlei_e_matheus.docx_assinado.pdf","data_ultima_atualizacao":"2025-06-23T10:25:10.232738-03:00","ip":"152.244.255.153","ultima_edicao":"2025-05-30T11:31:48.204230-03:00","tipo":9,"regime_tramitacao":1,"tipo_origem_externa":null,"local_origem_externa":null,"user":3,"anexadas":[],"autores":[59,64]}